{"id":3227,"date":"2021-11-08T10:19:59","date_gmt":"2021-11-08T09:19:59","guid":{"rendered":"http:\/\/shodan.zduny.pl\/?p=3227"},"modified":"2021-12-01T10:11:12","modified_gmt":"2021-12-01T09:11:12","slug":"20-international-croatia-open","status":"publish","type":"post","link":"http:\/\/shodan.zduny.pl\/index.php\/2021\/11\/08\/20-international-croatia-open\/","title":{"rendered":"20 International Croatia Open"},"content":{"rendered":"<p><span style=\"color: #333333;\">20 International Croatia Open w Rijece<\/span><br \/>\n<span style=\"color: #333333;\">Trener Shodana Jaros\u0142aw Adamski 1 miejsce kata Masters +50 lat i 3 miejsce w kata Masters + 35 lat<\/span><br \/>\n<span style=\"color: #333333;\">\u0141\u0105cznie startowa\u0142o ponad 1700 zawodnik\u00f3w z 233 klub\u00f3w z 21 Pa\u0144stw<\/span><\/p>\n<p><span style=\"color: #333333;\"><img loading=\"lazy\" decoding=\"async\" class=\"wp-image-3226 size-large aligncenter\" src=\"http:\/\/shodan.zduny.pl\/wp-content\/uploads\/2021\/11\/245170394_4307731889342250_7719042169003246718_n-1024x768.jpg\" alt=\"\" width=\"640\" height=\"480\" srcset=\"http:\/\/shodan.zduny.pl\/wp-content\/uploads\/2021\/11\/245170394_4307731889342250_7719042169003246718_n-1024x768.jpg 1024w, http:\/\/shodan.zduny.pl\/wp-content\/uploads\/2021\/11\/245170394_4307731889342250_7719042169003246718_n-300x225.jpg 300w, http:\/\/shodan.zduny.pl\/wp-content\/uploads\/2021\/11\/245170394_4307731889342250_7719042169003246718_n-768x576.jpg 768w, http:\/\/shodan.zduny.pl\/wp-content\/uploads\/2021\/11\/245170394_4307731889342250_7719042169003246718_n-1536x1152.jpg 1536w, http:\/\/shodan.zduny.pl\/wp-content\/uploads\/2021\/11\/245170394_4307731889342250_7719042169003246718_n.jpg 2048w\" sizes=\"(max-width: 640px) 100vw, 640px\" \/> <img loading=\"lazy\" decoding=\"async\" class=\"aligncenter wp-image-3225 size-large\" src=\"http:\/\/shodan.zduny.pl\/wp-content\/uploads\/2021\/11\/245157375_4307732792675493_9111186740110158865_n-1024x384.jpg\" alt=\"\" width=\"640\" height=\"240\" srcset=\"http:\/\/shodan.zduny.pl\/wp-content\/uploads\/2021\/11\/245157375_4307732792675493_9111186740110158865_n-1024x384.jpg 1024w, http:\/\/shodan.zduny.pl\/wp-content\/uploads\/2021\/11\/245157375_4307732792675493_9111186740110158865_n-300x113.jpg 300w, http:\/\/shodan.zduny.pl\/wp-content\/uploads\/2021\/11\/245157375_4307732792675493_9111186740110158865_n-768x288.jpg 768w, http:\/\/shodan.zduny.pl\/wp-content\/uploads\/2021\/11\/245157375_4307732792675493_9111186740110158865_n.jpg 1125w\" sizes=\"(max-width: 640px) 100vw, 640px\" \/><\/span><\/p>\n","protected":false},"excerpt":{"rendered":"<p>20 International Croatia Open w Rijece Trener Shodana Jaros\u0142aw Adamski 1 miejsce kata Masters +50<\/p>\n","protected":false},"author":1,"featured_media":3226,"comment_status":"closed","ping_status":"closed","sticky":false,"template":"","format":"standard","meta":{"footnotes":""},"categories":[3],"tags":[],"class_list":["post-3227","post","type-post","status-publish","format-standard","has-post-thumbnail","hentry","category-aktualnosci"],"_links":{"self":[{"href":"http:\/\/shodan.zduny.pl\/index.php\/wp-json\/wp\/v2\/posts\/3227"}],"collection":[{"href":"http:\/\/shodan.zduny.pl\/index.php\/wp-json\/wp\/v2\/posts"}],"about":[{"href":"http:\/\/shodan.zduny.pl\/index.php\/wp-json\/wp\/v2\/types\/post"}],"author":[{"embeddable":true,"href":"http:\/\/shodan.zduny.pl\/index.php\/wp-json\/wp\/v2\/users\/1"}],"replies":[{"embeddable":true,"href":"http:\/\/shodan.zduny.pl\/index.php\/wp-json\/wp\/v2\/comments?post=3227"}],"version-history":[{"count":2,"href":"http:\/\/shodan.zduny.pl\/index.php\/wp-json\/wp\/v2\/posts\/3227\/revisions"}],"predecessor-version":[{"id":3340,"href":"http:\/\/shodan.zduny.pl\/index.php\/wp-json\/wp\/v2\/posts\/3227\/revisions\/3340"}],"wp:featuredmedia":[{"embeddable":true,"href":"http:\/\/shodan.zduny.pl\/index.php\/wp-json\/wp\/v2\/media\/3226"}],"wp:attachment":[{"href":"http:\/\/shodan.zduny.pl\/index.php\/wp-json\/wp\/v2\/media?parent=3227"}],"wp:term":[{"taxonomy":"category","embeddable":true,"href":"http:\/\/shodan.zduny.pl\/index.php\/wp-json\/wp\/v2\/categories?post=3227"},{"taxonomy":"post_tag","embeddable":true,"href":"http:\/\/shodan.zduny.pl\/index.php\/wp-json\/wp\/v2\/tags?post=3227"}],"curies":[{"name":"wp","href":"https:\/\/api.w.org\/{rel}","templated":true}]}}